{"id":503,"date":"2026-04-08T21:41:23","date_gmt":"2026-04-08T21:41:23","guid":{"rendered":"https:\/\/funmusica.org\/cancionero\/?p=503"},"modified":"2026-04-08T21:51:32","modified_gmt":"2026-04-08T21:51:32","slug":"el-corazon-de-la-cana-bambuco","status":"publish","type":"post","link":"https:\/\/funmusica.org\/cancionero\/el-corazon-de-la-cana-bambuco\/","title":{"rendered":"El coraz\u00f3n de la ca\u00f1a &#8211; Bambuco"},"content":{"rendered":"\t\t<div data-elementor-type=\"wp-post\" data-elementor-id=\"503\" class=\"elementor elementor-503\" data-elementor-post-type=\"post\">\n\t\t\t\t<div class=\"elementor-element elementor-element-17214cc e-flex e-con-boxed e-con e-parent\" data-id=\"17214cc\" data-element_type=\"container\" data-e-type=\"container\">\n\t\t\t\t\t<div class=\"e-con-inner\">\n\t\t\t\t<div class=\"elementor-element elementor-element-9426211 elementor-widget elementor-widget-text-editor\" data-id=\"9426211\" data-element_type=\"widget\" data-e-type=\"widget\" data-widget_type=\"text-editor.default\">\n\t\t\t\t\t\t\t\t\t<h5><strong>Ficha T\u00e9cnica<\/strong><\/h5><p>T\u00edtulo El coraz\u00f3n de la ca\u00f1a<br \/>Ritmo Bambuco<br \/>Autor Jos\u00e9 Alejandro Morales L\u00f3pez<br \/>Compositor Jos\u00e9 Alejandro Morales L\u00f3pez<br \/>A\u00f1o<br \/>Pa\u00eds Colombia<br \/>G\u00e9nero musical M\u00fasica andina colombiana<br \/>Primera grabaci\u00f3n <br \/>Interpretes Dueto Hermanos Mart\u00ednez &#8211; Luz Marina Posada<\/p>\t\t\t\t\t\t\t\t<\/div>\n\t\t\t\t\t<\/div>\n\t\t\t\t<\/div>\n\t\t<div class=\"elementor-element elementor-element-67db30a e-flex e-con-boxed e-con e-parent\" data-id=\"67db30a\" data-element_type=\"container\" data-e-type=\"container\">\n\t\t\t\t\t<div class=\"e-con-inner\">\n\t\t\t\t<div class=\"elementor-element elementor-element-7233d3d elementor-widget elementor-widget-text-editor\" data-id=\"7233d3d\" data-element_type=\"widget\" data-e-type=\"widget\" data-widget_type=\"text-editor.default\">\n\t\t\t\t\t\t\t\t\t<p><a href=\"https:\/\/funmusica.org\/\">Inicio<\/a> &gt; <a href=\"https:\/\/funmusica.org\/cancionero\/\">Cancionero<\/a> &gt; <a href=\"https:\/\/funmusica.org\/cancionero\/el-corazon-de-la-cana-bambuco\/\" target=\"_blank\" rel=\"noopener\">El coraz\u00f3n de la Ca\u00f1a<\/a><\/p>\t\t\t\t\t\t\t\t<\/div>\n\t\t\t\t\t<\/div>\n\t\t\t\t<\/div>\n\t\t<div class=\"elementor-element elementor-element-d983f6d e-flex e-con-boxed e-con e-parent\" data-id=\"d983f6d\" data-element_type=\"container\" data-e-type=\"container\">\n\t\t\t\t\t<div class=\"e-con-inner\">\n\t\t\t\t<div class=\"elementor-element elementor-element-903e924 elementor-widget elementor-widget-text-editor\" data-id=\"903e924\" data-element_type=\"widget\" data-e-type=\"widget\" data-widget_type=\"text-editor.default\">\n\t\t\t\t\t\t\t\t\t<p>Una noche le cortaron el coraz\u00f3n a la ca\u00f1a,<br \/>y desde entonces se escuchan lamentos por los trapiches,<br \/>lamentos que van diciendo, nacidos de sus entra\u00f1as,<br \/>para qu\u00e9 le cortar\u00edan el coraz\u00f3n a la ca\u00f1a.<\/p><p>Lo mismo cortan las vidas por el placer de cortarlas,<br \/>para que quede la tierra con dolores en el alma;<br \/>porque las manos labriegas que saben acariciarlas,<br \/>las cortan como a la ca\u00f1a por el placer de cortarlas.<\/p><p>Un funeral de luceros cubre la piel de la patria.<\/p>\t\t\t\t\t\t\t\t<\/div>\n\t\t\t\t\t<\/div>\n\t\t\t\t<\/div>\n\t\t<div class=\"elementor-element elementor-element-f528517 e-flex e-con-boxed e-con e-parent\" data-id=\"f528517\" data-element_type=\"container\" data-e-type=\"container\">\n\t\t\t\t\t<div class=\"e-con-inner\">\n\t\t<div class=\"elementor-element elementor-element-cba3df5 e-con-full e-flex e-con e-child\" data-id=\"cba3df5\" data-element_type=\"container\" data-e-type=\"container\">\n\t\t\t\t<div class=\"elementor-element elementor-element-3ef09a0 elementor-widget elementor-widget-image\" data-id=\"3ef09a0\" data-element_type=\"widget\" data-e-type=\"widget\" data-widget_type=\"image.default\">\n\t\t\t\t\t\t\t\t\t\t\t\t\t\t\t\t<a href=\"https:\/\/funmusica.org\/biografias\/2026\/04\/08\/jose-alejandro-morales-lopez-jose-a-morales\/\">\n\t\t\t\t\t\t\t<img fetchpriority=\"high\" decoding=\"async\" width=\"400\" height=\"400\" src=\"https:\/\/funmusica.org\/cancionero\/wp-content\/uploads\/2026\/02\/autor.webp\" class=\"attachment-full size-full wp-image-173\" alt=\"\" srcset=\"https:\/\/funmusica.org\/cancionero\/wp-content\/uploads\/2026\/02\/autor.webp 400w, https:\/\/funmusica.org\/cancionero\/wp-content\/uploads\/2026\/02\/autor-300x300.webp 300w, https:\/\/funmusica.org\/cancionero\/wp-content\/uploads\/2026\/02\/autor-150x150.webp 150w\" sizes=\"(max-width: 400px) 100vw, 400px\" \/>\t\t\t\t\t\t\t\t<\/a>\n\t\t\t\t\t\t\t\t\t\t\t\t\t\t\t<\/div>\n\t\t\t\t<\/div>\n\t\t<div class=\"elementor-element elementor-element-f337191 e-con-full e-flex e-con e-child\" data-id=\"f337191\" data-element_type=\"container\" data-e-type=\"container\">\n\t\t\t\t<div class=\"elementor-element elementor-element-32796c0 elementor-widget elementor-widget-image\" data-id=\"32796c0\" data-element_type=\"widget\" data-e-type=\"widget\" data-widget_type=\"image.default\">\n\t\t\t\t\t\t\t\t\t\t\t\t\t\t\t\t<a href=\"https:\/\/funmusica.org\/biografias\/2026\/04\/08\/jose-alejandro-morales-lopez-jose-a-morales\/\">\n\t\t\t\t\t\t\t<img decoding=\"async\" width=\"400\" height=\"400\" src=\"https:\/\/funmusica.org\/cancionero\/wp-content\/uploads\/2026\/02\/compositor.webp\" class=\"attachment-full size-full wp-image-175\" alt=\"\" srcset=\"https:\/\/funmusica.org\/cancionero\/wp-content\/uploads\/2026\/02\/compositor.webp 400w, https:\/\/funmusica.org\/cancionero\/wp-content\/uploads\/2026\/02\/compositor-300x300.webp 300w, https:\/\/funmusica.org\/cancionero\/wp-content\/uploads\/2026\/02\/compositor-150x150.webp 150w\" sizes=\"(max-width: 400px) 100vw, 400px\" \/>\t\t\t\t\t\t\t\t<\/a>\n\t\t\t\t\t\t\t\t\t\t\t\t\t\t\t<\/div>\n\t\t\t\t<\/div>\n\t\t<div class=\"elementor-element elementor-element-4ba7709 e-con-full e-flex e-con e-child\" data-id=\"4ba7709\" data-element_type=\"container\" data-e-type=\"container\">\n\t\t\t\t<div class=\"elementor-element elementor-element-1df7767 elementor-widget elementor-widget-image\" data-id=\"1df7767\" data-element_type=\"widget\" data-e-type=\"widget\" data-widget_type=\"image.default\">\n\t\t\t\t\t\t\t\t\t\t\t\t\t\t\t<img decoding=\"async\" width=\"400\" height=\"400\" src=\"https:\/\/funmusica.org\/cancionero\/wp-content\/uploads\/2026\/02\/cantautor.webp\" class=\"attachment-full size-full wp-image-174\" alt=\"\" srcset=\"https:\/\/funmusica.org\/cancionero\/wp-content\/uploads\/2026\/02\/cantautor.webp 400w, https:\/\/funmusica.org\/cancionero\/wp-content\/uploads\/2026\/02\/cantautor-300x300.webp 300w, https:\/\/funmusica.org\/cancionero\/wp-content\/uploads\/2026\/02\/cantautor-150x150.webp 150w\" sizes=\"(max-width: 400px) 100vw, 400px\" \/>\t\t\t\t\t\t\t\t\t\t\t\t\t\t\t<\/div>\n\t\t\t\t<\/div>\n\t\t<div class=\"elementor-element elementor-element-5d1a1f8 e-con-full e-flex e-con e-child\" data-id=\"5d1a1f8\" data-element_type=\"container\" data-e-type=\"container\">\n\t\t\t\t<div class=\"elementor-element elementor-element-bea647b elementor-widget elementor-widget-image\" data-id=\"bea647b\" data-element_type=\"widget\" data-e-type=\"widget\" data-widget_type=\"image.default\">\n\t\t\t\t\t\t\t\t\t\t\t\t\t\t\t<img loading=\"lazy\" decoding=\"async\" width=\"400\" height=\"400\" src=\"https:\/\/funmusica.org\/cancionero\/wp-content\/uploads\/2026\/02\/partitura.webp\" class=\"attachment-full size-full wp-image-176\" alt=\"\" srcset=\"https:\/\/funmusica.org\/cancionero\/wp-content\/uploads\/2026\/02\/partitura.webp 400w, https:\/\/funmusica.org\/cancionero\/wp-content\/uploads\/2026\/02\/partitura-300x300.webp 300w, https:\/\/funmusica.org\/cancionero\/wp-content\/uploads\/2026\/02\/partitura-150x150.webp 150w\" sizes=\"(max-width: 400px) 100vw, 400px\" \/>\t\t\t\t\t\t\t\t\t\t\t\t\t\t\t<\/div>\n\t\t\t\t<\/div>\n\t\t<div class=\"elementor-element elementor-element-4506780 e-con-full e-flex e-con e-child\" data-id=\"4506780\" data-element_type=\"container\" data-e-type=\"container\">\n\t\t\t\t<div class=\"elementor-element elementor-element-a42e32c elementor-widget elementor-widget-image\" data-id=\"a42e32c\" data-element_type=\"widget\" data-e-type=\"widget\" data-widget_type=\"image.default\">\n\t\t\t\t\t\t\t\t\t\t\t\t\t\t\t\t<a href=\"https:\/\/www.youtube.com\/watch?v=M5Bu9KKQ2Q8\" target=\"_blank\">\n\t\t\t\t\t\t\t<img loading=\"lazy\" decoding=\"async\" width=\"400\" height=\"400\" src=\"https:\/\/funmusica.org\/cancionero\/wp-content\/uploads\/2026\/02\/plataforma_audio.webp\" class=\"attachment-full size-full wp-image-179\" alt=\"\" srcset=\"https:\/\/funmusica.org\/cancionero\/wp-content\/uploads\/2026\/02\/plataforma_audio.webp 400w, https:\/\/funmusica.org\/cancionero\/wp-content\/uploads\/2026\/02\/plataforma_audio-300x300.webp 300w, https:\/\/funmusica.org\/cancionero\/wp-content\/uploads\/2026\/02\/plataforma_audio-150x150.webp 150w\" sizes=\"(max-width: 400px) 100vw, 400px\" \/>\t\t\t\t\t\t\t\t<\/a>\n\t\t\t\t\t\t\t\t\t\t\t\t\t\t\t<\/div>\n\t\t\t\t<\/div>\n\t\t\t\t\t<\/div>\n\t\t\t\t<\/div>\n\t\t\t\t<\/div>\n\t\t","protected":false},"excerpt":{"rendered":"<p>Autor \t\t\tJos\u00e9 Alejandro Morales L\u00f3pez<br \/>\nCompositor\t\tJos\u00e9 Alejandro Morales L\u00f3pez<\/p>\n","protected":false},"author":1,"featured_media":0,"comment_status":"open","ping_status":"open","sticky":false,"template":"","format":"standard","meta":{"footnotes":""},"categories":[3],"tags":[29,51,52,75,74],"class_list":["post-503","post","type-post","status-publish","format-standard","hentry","category-bambuco","tag-autor","tag-autores","tag-compositores","tag-el-corazon-de-la-cana","tag-jose-alejandro-morales-lopez"],"yoast_head":"<!-- This site is optimized with the Yoast SEO Premium plugin v26.9 (Yoast SEO v27.4) - https:\/\/yoast.com\/product\/yoast-seo-premium-wordpress\/ -->\n<title>El coraz\u00f3n de la ca\u00f1a - Bambuco - Cancionero<\/title>\n<meta name=\"description\" content=\"El coraz\u00f3n de la ca\u00f1a, Bambuco. Pieza de la discograf\u00eda andina colombiana que refleja la tradici\u00f3n, identidad y diversidad musical de la regi\u00f3n\" \/>\n<meta name=\"robots\" content=\"index, follow, max-snippet:-1, max-image-preview:large, max-video-preview:-1\" \/>\n<link rel=\"canonical\" href=\"https:\/\/funmusica.org\/cancionero\/el-corazon-de-la-cana-bambuco\/\" \/>\n<meta property=\"og:locale\" content=\"es_ES\" \/>\n<meta property=\"og:type\" content=\"article\" \/>\n<meta property=\"og:title\" content=\"El coraz\u00f3n de la ca\u00f1a - Bambuco\" \/>\n<meta property=\"og:description\" content=\"El coraz\u00f3n de la ca\u00f1a, Bambuco. Pieza de la discograf\u00eda andina colombiana que refleja la tradici\u00f3n, identidad y diversidad musical de la regi\u00f3n\" \/>\n<meta property=\"og:url\" content=\"https:\/\/funmusica.org\/cancionero\/el-corazon-de-la-cana-bambuco\/\" \/>\n<meta property=\"og:site_name\" content=\"Cancionero\" \/>\n<meta property=\"article:published_time\" content=\"2026-04-08T21:41:23+00:00\" \/>\n<meta property=\"article:modified_time\" content=\"2026-04-08T21:51:32+00:00\" \/>\n<meta property=\"og:image\" content=\"https:\/\/funmusica.org\/cancionero\/wp-content\/uploads\/2026\/02\/autor.webp\" \/>\n\t<meta property=\"og:image:width\" content=\"400\" \/>\n\t<meta property=\"og:image:height\" content=\"400\" \/>\n\t<meta property=\"og:image:type\" content=\"image\/webp\" \/>\n<meta name=\"author\" content=\"etashmija\" \/>\n<meta name=\"twitter:card\" content=\"summary_large_image\" \/>\n<meta name=\"twitter:label1\" content=\"Escrito por\" \/>\n\t<meta name=\"twitter:data1\" content=\"etashmija\" \/>\n\t<meta name=\"twitter:label2\" content=\"Tiempo de lectura\" \/>\n\t<meta name=\"twitter:data2\" content=\"2 minutos\" \/>\n<script type=\"application\/ld+json\" class=\"yoast-schema-graph\">{\"@context\":\"https:\\\/\\\/schema.org\",\"@graph\":[{\"@type\":\"Article\",\"@id\":\"https:\\\/\\\/funmusica.org\\\/cancionero\\\/el-corazon-de-la-cana-bambuco\\\/#article\",\"isPartOf\":{\"@id\":\"https:\\\/\\\/funmusica.org\\\/cancionero\\\/el-corazon-de-la-cana-bambuco\\\/\"},\"author\":{\"name\":\"etashmija\",\"@id\":\"https:\\\/\\\/funmusica.org\\\/cancionero\\\/#\\\/schema\\\/person\\\/b7ef21f42361ee0b5ec553d669bac43b\"},\"headline\":\"El coraz\u00f3n de la ca\u00f1a &#8211; Bambuco\",\"datePublished\":\"2026-04-08T21:41:23+00:00\",\"dateModified\":\"2026-04-08T21:51:32+00:00\",\"mainEntityOfPage\":{\"@id\":\"https:\\\/\\\/funmusica.org\\\/cancionero\\\/el-corazon-de-la-cana-bambuco\\\/\"},\"wordCount\":153,\"commentCount\":0,\"publisher\":{\"@id\":\"https:\\\/\\\/funmusica.org\\\/cancionero\\\/#organization\"},\"image\":{\"@id\":\"https:\\\/\\\/funmusica.org\\\/cancionero\\\/el-corazon-de-la-cana-bambuco\\\/#primaryimage\"},\"thumbnailUrl\":\"https:\\\/\\\/funmusica.org\\\/cancionero\\\/wp-content\\\/uploads\\\/2026\\\/02\\\/autor.webp\",\"keywords\":[\"Autor\",\"Autores\",\"Compositores\",\"El coraz\u00f3n de la ca\u00f1a\",\"Jos\u00e9 Alejandro Morales L\u00f3pez\"],\"articleSection\":[\"Bambuco\"],\"inLanguage\":\"es\",\"potentialAction\":[{\"@type\":\"CommentAction\",\"name\":\"Comment\",\"target\":[\"https:\\\/\\\/funmusica.org\\\/cancionero\\\/el-corazon-de-la-cana-bambuco\\\/#respond\"]}]},{\"@type\":\"WebPage\",\"@id\":\"https:\\\/\\\/funmusica.org\\\/cancionero\\\/el-corazon-de-la-cana-bambuco\\\/\",\"url\":\"https:\\\/\\\/funmusica.org\\\/cancionero\\\/el-corazon-de-la-cana-bambuco\\\/\",\"name\":\"El coraz\u00f3n de la ca\u00f1a - Bambuco - Cancionero\",\"isPartOf\":{\"@id\":\"https:\\\/\\\/funmusica.org\\\/cancionero\\\/#website\"},\"primaryImageOfPage\":{\"@id\":\"https:\\\/\\\/funmusica.org\\\/cancionero\\\/el-corazon-de-la-cana-bambuco\\\/#primaryimage\"},\"image\":{\"@id\":\"https:\\\/\\\/funmusica.org\\\/cancionero\\\/el-corazon-de-la-cana-bambuco\\\/#primaryimage\"},\"thumbnailUrl\":\"https:\\\/\\\/funmusica.org\\\/cancionero\\\/wp-content\\\/uploads\\\/2026\\\/02\\\/autor.webp\",\"datePublished\":\"2026-04-08T21:41:23+00:00\",\"dateModified\":\"2026-04-08T21:51:32+00:00\",\"description\":\"El coraz\u00f3n de la ca\u00f1a, Bambuco. Pieza de la discograf\u00eda andina colombiana que refleja la tradici\u00f3n, identidad y diversidad musical de la regi\u00f3n\",\"breadcrumb\":{\"@id\":\"https:\\\/\\\/funmusica.org\\\/cancionero\\\/el-corazon-de-la-cana-bambuco\\\/#breadcrumb\"},\"inLanguage\":\"es\",\"potentialAction\":[{\"@type\":\"ReadAction\",\"target\":[\"https:\\\/\\\/funmusica.org\\\/cancionero\\\/el-corazon-de-la-cana-bambuco\\\/\"]}]},{\"@type\":\"ImageObject\",\"inLanguage\":\"es\",\"@id\":\"https:\\\/\\\/funmusica.org\\\/cancionero\\\/el-corazon-de-la-cana-bambuco\\\/#primaryimage\",\"url\":\"https:\\\/\\\/funmusica.org\\\/cancionero\\\/wp-content\\\/uploads\\\/2026\\\/02\\\/autor.webp\",\"contentUrl\":\"https:\\\/\\\/funmusica.org\\\/cancionero\\\/wp-content\\\/uploads\\\/2026\\\/02\\\/autor.webp\",\"width\":400,\"height\":400},{\"@type\":\"BreadcrumbList\",\"@id\":\"https:\\\/\\\/funmusica.org\\\/cancionero\\\/el-corazon-de-la-cana-bambuco\\\/#breadcrumb\",\"itemListElement\":[{\"@type\":\"ListItem\",\"position\":1,\"name\":\"Portada\",\"item\":\"https:\\\/\\\/funmusica.org\\\/cancionero\\\/\"},{\"@type\":\"ListItem\",\"position\":2,\"name\":\"El coraz\u00f3n de la ca\u00f1a &#8211; Bambuco\"}]},{\"@type\":\"WebSite\",\"@id\":\"https:\\\/\\\/funmusica.org\\\/cancionero\\\/#website\",\"url\":\"https:\\\/\\\/funmusica.org\\\/cancionero\\\/\",\"name\":\"Cancionero\",\"description\":\"Cancionero de Musica Andina Colombiana\",\"publisher\":{\"@id\":\"https:\\\/\\\/funmusica.org\\\/cancionero\\\/#organization\"},\"potentialAction\":[{\"@type\":\"SearchAction\",\"target\":{\"@type\":\"EntryPoint\",\"urlTemplate\":\"https:\\\/\\\/funmusica.org\\\/cancionero\\\/?s={search_term_string}\"},\"query-input\":{\"@type\":\"PropertyValueSpecification\",\"valueRequired\":true,\"valueName\":\"search_term_string\"}}],\"inLanguage\":\"es\"},{\"@type\":\"Organization\",\"@id\":\"https:\\\/\\\/funmusica.org\\\/cancionero\\\/#organization\",\"name\":\"Cancionero\",\"url\":\"https:\\\/\\\/funmusica.org\\\/cancionero\\\/\",\"logo\":{\"@type\":\"ImageObject\",\"inLanguage\":\"es\",\"@id\":\"https:\\\/\\\/funmusica.org\\\/cancionero\\\/#\\\/schema\\\/logo\\\/image\\\/\",\"url\":\"https:\\\/\\\/funmusica.org\\\/cancionero\\\/wp-content\\\/uploads\\\/2026\\\/02\\\/cancionero-1.webp\",\"contentUrl\":\"https:\\\/\\\/funmusica.org\\\/cancionero\\\/wp-content\\\/uploads\\\/2026\\\/02\\\/cancionero-1.webp\",\"width\":837,\"height\":366,\"caption\":\"Cancionero\"},\"image\":{\"@id\":\"https:\\\/\\\/funmusica.org\\\/cancionero\\\/#\\\/schema\\\/logo\\\/image\\\/\"}},{\"@type\":\"Person\",\"@id\":\"https:\\\/\\\/funmusica.org\\\/cancionero\\\/#\\\/schema\\\/person\\\/b7ef21f42361ee0b5ec553d669bac43b\",\"name\":\"etashmija\",\"image\":{\"@type\":\"ImageObject\",\"inLanguage\":\"es\",\"@id\":\"https:\\\/\\\/secure.gravatar.com\\\/avatar\\\/e5e4e10cea5dd67c3639ffd56dc21ae2676fcbc629592dccccf8f8ccf86d8cc1?s=96&d=mm&r=g\",\"url\":\"https:\\\/\\\/secure.gravatar.com\\\/avatar\\\/e5e4e10cea5dd67c3639ffd56dc21ae2676fcbc629592dccccf8f8ccf86d8cc1?s=96&d=mm&r=g\",\"contentUrl\":\"https:\\\/\\\/secure.gravatar.com\\\/avatar\\\/e5e4e10cea5dd67c3639ffd56dc21ae2676fcbc629592dccccf8f8ccf86d8cc1?s=96&d=mm&r=g\",\"caption\":\"etashmija\"},\"sameAs\":[\"https:\\\/\\\/funmusica.org\\\/cancionero\"],\"url\":\"https:\\\/\\\/funmusica.org\\\/cancionero\\\/author\\\/etashmija\\\/\"}]}<\/script>\n<!-- \/ Yoast SEO Premium plugin. -->","yoast_head_json":{"title":"El coraz\u00f3n de la ca\u00f1a - Bambuco - Cancionero","description":"El coraz\u00f3n de la ca\u00f1a, Bambuco. Pieza de la discograf\u00eda andina colombiana que refleja la tradici\u00f3n, identidad y diversidad musical de la regi\u00f3n","robots":{"index":"index","follow":"follow","max-snippet":"max-snippet:-1","max-image-preview":"max-image-preview:large","max-video-preview":"max-video-preview:-1"},"canonical":"https:\/\/funmusica.org\/cancionero\/el-corazon-de-la-cana-bambuco\/","og_locale":"es_ES","og_type":"article","og_title":"El coraz\u00f3n de la ca\u00f1a - Bambuco","og_description":"El coraz\u00f3n de la ca\u00f1a, Bambuco. Pieza de la discograf\u00eda andina colombiana que refleja la tradici\u00f3n, identidad y diversidad musical de la regi\u00f3n","og_url":"https:\/\/funmusica.org\/cancionero\/el-corazon-de-la-cana-bambuco\/","og_site_name":"Cancionero","article_published_time":"2026-04-08T21:41:23+00:00","article_modified_time":"2026-04-08T21:51:32+00:00","og_image":[{"width":400,"height":400,"url":"https:\/\/funmusica.org\/cancionero\/wp-content\/uploads\/2026\/02\/autor.webp","type":"image\/webp"}],"author":"etashmija","twitter_card":"summary_large_image","twitter_misc":{"Escrito por":"etashmija","Tiempo de lectura":"2 minutos"},"schema":{"@context":"https:\/\/schema.org","@graph":[{"@type":"Article","@id":"https:\/\/funmusica.org\/cancionero\/el-corazon-de-la-cana-bambuco\/#article","isPartOf":{"@id":"https:\/\/funmusica.org\/cancionero\/el-corazon-de-la-cana-bambuco\/"},"author":{"name":"etashmija","@id":"https:\/\/funmusica.org\/cancionero\/#\/schema\/person\/b7ef21f42361ee0b5ec553d669bac43b"},"headline":"El coraz\u00f3n de la ca\u00f1a &#8211; Bambuco","datePublished":"2026-04-08T21:41:23+00:00","dateModified":"2026-04-08T21:51:32+00:00","mainEntityOfPage":{"@id":"https:\/\/funmusica.org\/cancionero\/el-corazon-de-la-cana-bambuco\/"},"wordCount":153,"commentCount":0,"publisher":{"@id":"https:\/\/funmusica.org\/cancionero\/#organization"},"image":{"@id":"https:\/\/funmusica.org\/cancionero\/el-corazon-de-la-cana-bambuco\/#primaryimage"},"thumbnailUrl":"https:\/\/funmusica.org\/cancionero\/wp-content\/uploads\/2026\/02\/autor.webp","keywords":["Autor","Autores","Compositores","El coraz\u00f3n de la ca\u00f1a","Jos\u00e9 Alejandro Morales L\u00f3pez"],"articleSection":["Bambuco"],"inLanguage":"es","potentialAction":[{"@type":"CommentAction","name":"Comment","target":["https:\/\/funmusica.org\/cancionero\/el-corazon-de-la-cana-bambuco\/#respond"]}]},{"@type":"WebPage","@id":"https:\/\/funmusica.org\/cancionero\/el-corazon-de-la-cana-bambuco\/","url":"https:\/\/funmusica.org\/cancionero\/el-corazon-de-la-cana-bambuco\/","name":"El coraz\u00f3n de la ca\u00f1a - Bambuco - Cancionero","isPartOf":{"@id":"https:\/\/funmusica.org\/cancionero\/#website"},"primaryImageOfPage":{"@id":"https:\/\/funmusica.org\/cancionero\/el-corazon-de-la-cana-bambuco\/#primaryimage"},"image":{"@id":"https:\/\/funmusica.org\/cancionero\/el-corazon-de-la-cana-bambuco\/#primaryimage"},"thumbnailUrl":"https:\/\/funmusica.org\/cancionero\/wp-content\/uploads\/2026\/02\/autor.webp","datePublished":"2026-04-08T21:41:23+00:00","dateModified":"2026-04-08T21:51:32+00:00","description":"El coraz\u00f3n de la ca\u00f1a, Bambuco. Pieza de la discograf\u00eda andina colombiana que refleja la tradici\u00f3n, identidad y diversidad musical de la regi\u00f3n","breadcrumb":{"@id":"https:\/\/funmusica.org\/cancionero\/el-corazon-de-la-cana-bambuco\/#breadcrumb"},"inLanguage":"es","potentialAction":[{"@type":"ReadAction","target":["https:\/\/funmusica.org\/cancionero\/el-corazon-de-la-cana-bambuco\/"]}]},{"@type":"ImageObject","inLanguage":"es","@id":"https:\/\/funmusica.org\/cancionero\/el-corazon-de-la-cana-bambuco\/#primaryimage","url":"https:\/\/funmusica.org\/cancionero\/wp-content\/uploads\/2026\/02\/autor.webp","contentUrl":"https:\/\/funmusica.org\/cancionero\/wp-content\/uploads\/2026\/02\/autor.webp","width":400,"height":400},{"@type":"BreadcrumbList","@id":"https:\/\/funmusica.org\/cancionero\/el-corazon-de-la-cana-bambuco\/#breadcrumb","itemListElement":[{"@type":"ListItem","position":1,"name":"Portada","item":"https:\/\/funmusica.org\/cancionero\/"},{"@type":"ListItem","position":2,"name":"El coraz\u00f3n de la ca\u00f1a &#8211; Bambuco"}]},{"@type":"WebSite","@id":"https:\/\/funmusica.org\/cancionero\/#website","url":"https:\/\/funmusica.org\/cancionero\/","name":"Cancionero","description":"Cancionero de Musica Andina Colombiana","publisher":{"@id":"https:\/\/funmusica.org\/cancionero\/#organization"},"potentialAction":[{"@type":"SearchAction","target":{"@type":"EntryPoint","urlTemplate":"https:\/\/funmusica.org\/cancionero\/?s={search_term_string}"},"query-input":{"@type":"PropertyValueSpecification","valueRequired":true,"valueName":"search_term_string"}}],"inLanguage":"es"},{"@type":"Organization","@id":"https:\/\/funmusica.org\/cancionero\/#organization","name":"Cancionero","url":"https:\/\/funmusica.org\/cancionero\/","logo":{"@type":"ImageObject","inLanguage":"es","@id":"https:\/\/funmusica.org\/cancionero\/#\/schema\/logo\/image\/","url":"https:\/\/funmusica.org\/cancionero\/wp-content\/uploads\/2026\/02\/cancionero-1.webp","contentUrl":"https:\/\/funmusica.org\/cancionero\/wp-content\/uploads\/2026\/02\/cancionero-1.webp","width":837,"height":366,"caption":"Cancionero"},"image":{"@id":"https:\/\/funmusica.org\/cancionero\/#\/schema\/logo\/image\/"}},{"@type":"Person","@id":"https:\/\/funmusica.org\/cancionero\/#\/schema\/person\/b7ef21f42361ee0b5ec553d669bac43b","name":"etashmija","image":{"@type":"ImageObject","inLanguage":"es","@id":"https:\/\/secure.gravatar.com\/avatar\/e5e4e10cea5dd67c3639ffd56dc21ae2676fcbc629592dccccf8f8ccf86d8cc1?s=96&d=mm&r=g","url":"https:\/\/secure.gravatar.com\/avatar\/e5e4e10cea5dd67c3639ffd56dc21ae2676fcbc629592dccccf8f8ccf86d8cc1?s=96&d=mm&r=g","contentUrl":"https:\/\/secure.gravatar.com\/avatar\/e5e4e10cea5dd67c3639ffd56dc21ae2676fcbc629592dccccf8f8ccf86d8cc1?s=96&d=mm&r=g","caption":"etashmija"},"sameAs":["https:\/\/funmusica.org\/cancionero"],"url":"https:\/\/funmusica.org\/cancionero\/author\/etashmija\/"}]}},"_links":{"self":[{"href":"https:\/\/funmusica.org\/cancionero\/wp-json\/wp\/v2\/posts\/503","targetHints":{"allow":["GET"]}}],"collection":[{"href":"https:\/\/funmusica.org\/cancionero\/wp-json\/wp\/v2\/posts"}],"about":[{"href":"https:\/\/funmusica.org\/cancionero\/wp-json\/wp\/v2\/types\/post"}],"author":[{"embeddable":true,"href":"https:\/\/funmusica.org\/cancionero\/wp-json\/wp\/v2\/users\/1"}],"replies":[{"embeddable":true,"href":"https:\/\/funmusica.org\/cancionero\/wp-json\/wp\/v2\/comments?post=503"}],"version-history":[{"count":7,"href":"https:\/\/funmusica.org\/cancionero\/wp-json\/wp\/v2\/posts\/503\/revisions"}],"predecessor-version":[{"id":510,"href":"https:\/\/funmusica.org\/cancionero\/wp-json\/wp\/v2\/posts\/503\/revisions\/510"}],"wp:attachment":[{"href":"https:\/\/funmusica.org\/cancionero\/wp-json\/wp\/v2\/media?parent=503"}],"wp:term":[{"taxonomy":"category","embeddable":true,"href":"https:\/\/funmusica.org\/cancionero\/wp-json\/wp\/v2\/categories?post=503"},{"taxonomy":"post_tag","embeddable":true,"href":"https:\/\/funmusica.org\/cancionero\/wp-json\/wp\/v2\/tags?post=503"}],"curies":[{"name":"wp","href":"https:\/\/api.w.org\/{rel}","templated":true}]}}